{"id":880,"date":"2025-06-04T08:45:39","date_gmt":"2025-06-04T08:45:39","guid":{"rendered":"http:\/\/radon.nauka.gov.pl\/pomoc\/?p=880"},"modified":"2025-06-16T10:23:20","modified_gmt":"2025-06-16T10:23:20","slug":"wdrozylismy-aktualizacje-raportow-o-kobietach-w-nauce","status":"publish","type":"post","link":"http:\/\/radon.nauka.gov.pl\/pomoc\/wdrozylismy-aktualizacje-raportow-o-kobietach-w-nauce\/","title":{"rendered":"Wdro\u017cyli\u015bmy aktualizacj\u0119 raport\u00f3w o\u00a0kobietach w nauce"},"content":{"rendered":"<p title=\"\">Na\u00a0platformie RAD-on w\u00a0sekcji\u00a0<a href=\"https:\/\/radon.nauka.gov.pl\/raporty\" target=\"_blank\" rel=\"noopener\">Raporty<\/a> zosta\u0142y wdro\u017cone uaktualnienia czterech raport\u00f3w dotycz\u0105cych kobiet w nauce, w wersji PL i EN:<\/p>\n<ol>\n<li><a class=\"external-link\" href=\"https:\/\/radon.nauka.gov.pl\/raporty\/nauczycielki_akademickie\" target=\"_blank\" rel=\"nofollow noopener\">Kobiety w\u015br\u00f3d nauczycieli akademickich w 2023 roku<\/a><\/li>\n<li><a class=\"external-link\" href=\"https:\/\/radon.nauka.gov.pl\/raporty\/nauczycielki_akademickie_ssh\" target=\"_blank\" rel=\"nofollow noopener\">Kobiety w\u015br\u00f3d nauczycieli akademickich w obszarze SSH: trendy<\/a><\/li>\n<li><a class=\"external-link\" href=\"https:\/\/radon.nauka.gov.pl\/raporty\/nauczycielki_akademickie_stem\" target=\"_blank\" rel=\"nofollow noopener\">Kobiety w\u015br\u00f3d nauczycieli akademickich w obszarze STEM: trendy<\/a><\/li>\n<li><a class=\"external-link\" href=\"https:\/\/radon.nauka.gov.pl\/raporty\/nauczycielki_akademickie_uczelnie_techniczne\" target=\"_blank\" rel=\"nofollow noopener\">Kobiety w\u015br\u00f3d nauczycieli akademickich na uczelniach technicznych: trendy<\/a><\/li>\n<\/ol>\n<p>W systemie RAD-on mamy r\u00f3wnie\u017c now\u0105 analiz\u0119\u00a0<a class=\"external-link\" href=\"https:\/\/radon.nauka.gov.pl\/analizy\/kobiety-w-nauce\" target=\"_blank\" rel=\"nofollow noopener\">Kobiety w nauce<\/a>\u00a0(PL i EN).<\/p>\n<p>List\u0119 wszystkich aktualnie dost\u0119pnych raport\u00f3w znajdziesz\u00a0<a href=\"\/pomoc\/knowledge-base\/jakie-raporty-znajde-w-rad-on\/\">tutaj.<\/a><\/p>\n","protected":false},"excerpt":{"rendered":"<p>Na\u00a0platformie RAD-on w\u00a0sekcji\u00a0Raporty zosta\u0142y wdro\u017cone uaktualnienia czterech raport\u00f3w dotycz\u0105cych kobiet w nauce, w wersji PL i EN: Kobiety w\u015br\u00f3d nauczycieli akademickich w 2023 roku Kobiety w\u015br\u00f3d nauczycieli akademickich w obszarze SSH: trendy Kobiety w\u015br\u00f3d nauczycieli akademickich w obszarze STEM: trendy Kobiety w\u015br\u00f3d nauczycieli akademickich na uczelniach technicznych: trendy W systemie RAD-on mamy r\u00f3wnie\u017c now\u0105 analiz\u0119\u00a0Kobiety [&hellip;]<\/p>\n","protected":false},"author":12,"featured_media":0,"comment_status":"closed","ping_status":"open","sticky":false,"template":"","format":"standard","meta":{"footnotes":""},"categories":[77],"tags":[198,79,111,196,197],"class_list":["post-880","post","type-post","status-publish","format-standard","hentry","category-wdrozenie","tag-kobiety","tag-raporty","tag-nauczyciele-akademiccy","tag-kobiety-w-nauce","tag-trendy"],"_links":{"self":[{"href":"\/\/radon.nauka.gov.pl\/pomoc\/wp-json\/wp\/v2\/posts\/880","targetHints":{"allow":["GET"]}}],"collection":[{"href":"\/\/radon.nauka.gov.pl\/pomoc\/wp-json\/wp\/v2\/posts"}],"about":[{"href":"\/\/radon.nauka.gov.pl\/pomoc\/wp-json\/wp\/v2\/types\/post"}],"author":[{"embeddable":true,"href":"\/\/radon.nauka.gov.pl\/pomoc\/wp-json\/wp\/v2\/users\/12"}],"replies":[{"embeddable":true,"href":"\/\/radon.nauka.gov.pl\/pomoc\/wp-json\/wp\/v2\/comments?post=880"}],"version-history":[{"count":5,"href":"\/\/radon.nauka.gov.pl\/pomoc\/wp-json\/wp\/v2\/posts\/880\/revisions"}],"predecessor-version":[{"id":892,"href":"\/\/radon.nauka.gov.pl\/pomoc\/wp-json\/wp\/v2\/posts\/880\/revisions\/892"}],"wp:attachment":[{"href":"\/\/radon.nauka.gov.pl\/pomoc\/wp-json\/wp\/v2\/media?parent=880"}],"wp:term":[{"taxonomy":"category","embeddable":true,"href":"\/\/radon.nauka.gov.pl\/pomoc\/wp-json\/wp\/v2\/categories?post=880"},{"taxonomy":"post_tag","embeddable":true,"href":"\/\/radon.nauka.gov.pl\/pomoc\/wp-json\/wp\/v2\/tags?post=880"}],"curies":[{"name":"wp","href":"https:\/\/api.w.org\/{rel}","templated":true}]}}