{"id":873,"date":"2025-05-21T10:23:08","date_gmt":"2025-05-21T10:23:08","guid":{"rendered":"http:\/\/radon.nauka.gov.pl\/pomoc\/?p=873"},"modified":"2025-05-21T10:25:30","modified_gmt":"2025-05-21T10:25:30","slug":"wdrozylismy-aktualizacje-komentarzy-eksperckich","status":"publish","type":"post","link":"http:\/\/radon.nauka.gov.pl\/pomoc\/wdrozylismy-aktualizacje-komentarzy-eksperckich\/","title":{"rendered":"Wdro\u017cyli\u015bmy aktualizacj\u0119 komentarzy eksperckich"},"content":{"rendered":"\n<p>Wdro\u017cyli\u015bmy uaktualnienia za 2023 rok w sekcji &#8222;komentarz ekspercki&#8221; w wersji PL i EN do nast\u0119puj\u0105cych raport\u00f3w student\u00f3w i doktorant\u00f3w:<\/p>\n\n\n\n<ol class=\"wp-block-list\">\n<li><a href=\"https:\/\/radon.nauka.gov.pl\/raporty\/doktoranci_cudzoziemcy_studia_doktoranckie_2023\">Doktoranci cudzoziemcy na studiach doktoranckich<\/a><\/li>\n\n\n\n<li><a href=\"https:\/\/radon.nauka.gov.pl\/raporty\/doktoranci_cudzoziemcy_studia_doktoranckie_mapa_2023\">Pa\u0144stwa pochodzenia doktorant\u00f3w cudzoziemc\u00f3w na studiach doktoranckich<\/a><\/li>\n\n\n\n<li><a href=\"https:\/\/radon.nauka.gov.pl\/raporty\/doktoranci_cudzoziemcy_erasmus_szkoly_doktorskie_2023\">Doktoranci programu Erasmus w szko\u0142ach doktorskich<\/a><\/li>\n\n\n\n<li><a href=\"https:\/\/radon.nauka.gov.pl\/raporty\/doktoranci_cudzoziemcy_erasmus_studia_doktoranckie_2023\">Doktoranci programu Erasmus na studiach doktoranckich<\/a><\/li>\n\n\n\n<li><a href=\"https:\/\/radon.nauka.gov.pl\/raporty\/studenci_kierunki_2023\">Studenci z poszczeg\u00f3lnych dziedzin studi\u00f3w<\/a><\/li>\n\n\n\n<li><a href=\"https:\/\/radon.nauka.gov.pl\/raporty\/studenci_kierunki_humanistyczne_2023\">Studenci nauk humanistycznych na poszczeg\u00f3lnych kierunkach studi\u00f3w<\/a><\/li>\n\n\n\n<li><a href=\"https:\/\/radon.nauka.gov.pl\/raporty\/studenci_kierunki_teologiczne_2023\">Studenci nauk teologicznych na poszczeg\u00f3lnych kierunkach studi\u00f3w<\/a><\/li>\n\n\n\n<li><a href=\"https:\/\/radon.nauka.gov.pl\/raporty\/studenci_kierunki_sztuka_2023\">Studenci sztuki na poszczeg\u00f3lnych kierunkach studi\u00f3w<\/a><\/li>\n\n\n\n<li><a href=\"https:\/\/radon.nauka.gov.pl\/raporty\/studenci_kierunki_spoleczne_2023\">Studenci nauk spo\u0142ecznych na poszczeg\u00f3lnych kierunkach studi\u00f3w<\/a><\/li>\n\n\n\n<li><a href=\"https:\/\/radon.nauka.gov.pl\/raporty\/studenci_kierunki_scisle_2023\">Studenci nauk \u015bcis\u0142ych i przyrodniczych na poszczeg\u00f3lnych kierunkach studi\u00f3w<\/a><\/li>\n\n\n\n<li><a href=\"https:\/\/radon.nauka.gov.pl\/raporty\/studenci_kierunki_medyczne_2023\">Studenci nauk medycznych i o zdrowiu na poszczeg\u00f3lnych kierunkach studi\u00f3w<\/a><\/li>\n\n\n\n<li><a href=\"https:\/\/radon.nauka.gov.pl\/raporty\/studenci_kierunki_rolnicze_weterynaryjne_2023\">Studenci nauk rolniczych i weterynaryjnych na poszczeg\u00f3lnych kierunkach studi\u00f3w<\/a><\/li>\n<\/ol>\n","protected":false},"excerpt":{"rendered":"<p>Wdro\u017cyli\u015bmy uaktualnienia za 2023 rok w sekcji &#8222;komentarz ekspercki&#8221; w wersji PL i EN do nast\u0119puj\u0105cych raport\u00f3w student\u00f3w i doktorant\u00f3w:<\/p>\n","protected":false},"author":12,"featured_media":0,"comment_status":"closed","ping_status":"open","sticky":false,"template":"","format":"standard","meta":{"footnotes":""},"categories":[77],"tags":[],"class_list":["post-873","post","type-post","status-publish","format-standard","hentry","category-wdrozenie"],"_links":{"self":[{"href":"\/\/radon.nauka.gov.pl\/pomoc\/wp-json\/wp\/v2\/posts\/873","targetHints":{"allow":["GET"]}}],"collection":[{"href":"\/\/radon.nauka.gov.pl\/pomoc\/wp-json\/wp\/v2\/posts"}],"about":[{"href":"\/\/radon.nauka.gov.pl\/pomoc\/wp-json\/wp\/v2\/types\/post"}],"author":[{"embeddable":true,"href":"\/\/radon.nauka.gov.pl\/pomoc\/wp-json\/wp\/v2\/users\/12"}],"replies":[{"embeddable":true,"href":"\/\/radon.nauka.gov.pl\/pomoc\/wp-json\/wp\/v2\/comments?post=873"}],"version-history":[{"count":3,"href":"\/\/radon.nauka.gov.pl\/pomoc\/wp-json\/wp\/v2\/posts\/873\/revisions"}],"predecessor-version":[{"id":876,"href":"\/\/radon.nauka.gov.pl\/pomoc\/wp-json\/wp\/v2\/posts\/873\/revisions\/876"}],"wp:attachment":[{"href":"\/\/radon.nauka.gov.pl\/pomoc\/wp-json\/wp\/v2\/media?parent=873"}],"wp:term":[{"taxonomy":"category","embeddable":true,"href":"\/\/radon.nauka.gov.pl\/pomoc\/wp-json\/wp\/v2\/categories?post=873"},{"taxonomy":"post_tag","embeddable":true,"href":"\/\/radon.nauka.gov.pl\/pomoc\/wp-json\/wp\/v2\/tags?post=873"}],"curies":[{"name":"wp","href":"https:\/\/api.w.org\/{rel}","templated":true}]}}